{"id":2048,"date":"2021-09-09T16:50:29","date_gmt":"2021-09-09T19:50:29","guid":{"rendered":"https:\/\/hmsf.com.br\/new\/?p=2048"},"modified":"2021-11-08T15:37:50","modified_gmt":"2021-11-08T18:37:50","slug":"brigada-faz-acao-preventiva-neste-domingo","status":"publish","type":"post","link":"https:\/\/hmsf.com.br\/new\/brigada-faz-acao-preventiva-neste-domingo\/","title":{"rendered":"BRIGADA FAZ A\u00c7\u00c3O PREVENTIVA NESTE DOMINGO"},"content":{"rendered":"<p>Para conferir o sistema hidr\u00e1ulico que comp\u00f5e sua estrutura de preven\u00e7\u00e3o a inc\u00eandios, a brigada do Hospital e Maternidade Sagrada Fam\u00edlia ir\u00e1 realizar um teste de pressuriza\u00e7\u00e3o da \u00e1gua neste domingo. Um caminh\u00e3o do Corpo de Bombeiros ir\u00e1 at\u00e9 o local para bombear \u00e1gua para checar a press\u00e3o suportada pela rede interna de hidrantes.<\/p>\n<p>Segundo o coordenador da brigada de inc\u00eandio, a a\u00e7\u00e3o preventiva integra o plano de seguran\u00e7a do Sagrada Fam\u00edlia. \u201cNossa equipe, com apoio dos bombeiros militares, estar\u00e1 conferindo toda a rede de hidrantes para se certificar do funcionamento integral do sistema, assegurando assim a possiblidade de uso em eventual situa\u00e7\u00e3o de emerg\u00eancia\u201d, esclarece Diego Niesukowski.<\/p>\n<p>A brigada de inc\u00eandio do Hospital \u00e9 integrada atualmente por 19 pessoas, quem atuam em todas as \u00e1reas e turnos de trabalho. Sua atua\u00e7\u00e3o \u00e9 voltada \u00e0 preven\u00e7\u00e3o para reduzir os riscos. Ao mesmo tempo, os brigadistas recebem treinamento permanente para saber atuar em situa\u00e7\u00e3o de emerg\u00eancia. \u201cEstamos sempre alertas para proteger a vida e o patrim\u00f4nio\u201d, destaca Diego Niesukowski.<\/p>\n","protected":false},"excerpt":{"rendered":"<p>Para conferir o sistema hidr\u00e1ulico que comp\u00f5e sua estrutura de preven\u00e7\u00e3o a inc\u00eandios, a brigada do Hospital e Maternidade Sagrada Fam\u00edlia ir\u00e1 realizar um teste de pressuriza\u00e7\u00e3o da \u00e1gua neste domingo. Um caminh\u00e3o do Corpo de Bombeiros ir\u00e1 at\u00e9 o local para bombear \u00e1gua para checar a press\u00e3o suportada pela rede interna de hidrantes. Segundo &hellip;<\/p>\n<p class=\"read-more\"> <a class=\"\" href=\"https:\/\/hmsf.com.br\/new\/brigada-faz-acao-preventiva-neste-domingo\/\"> <span class=\"screen-reader-text\">BRIGADA FAZ A\u00c7\u00c3O PREVENTIVA NESTE DOMINGO<\/span> Leia mais &raquo;<\/a><\/p>\n","protected":false},"author":3,"featured_media":2050,"comment_status":"closed","ping_status":"open","sticky":false,"template":"","format":"standard","meta":[],"categories":[2],"tags":[],"_links":{"self":[{"href":"https:\/\/hmsf.com.br\/new\/wp-json\/wp\/v2\/posts\/2048"}],"collection":[{"href":"https:\/\/hmsf.com.br\/new\/wp-json\/wp\/v2\/posts"}],"about":[{"href":"https:\/\/hmsf.com.br\/new\/wp-json\/wp\/v2\/types\/post"}],"author":[{"embeddable":true,"href":"https:\/\/hmsf.com.br\/new\/wp-json\/wp\/v2\/users\/3"}],"replies":[{"embeddable":true,"href":"https:\/\/hmsf.com.br\/new\/wp-json\/wp\/v2\/comments?post=2048"}],"version-history":[{"count":6,"href":"https:\/\/hmsf.com.br\/new\/wp-json\/wp\/v2\/posts\/2048\/revisions"}],"predecessor-version":[{"id":2190,"href":"https:\/\/hmsf.com.br\/new\/wp-json\/wp\/v2\/posts\/2048\/revisions\/2190"}],"wp:featuredmedia":[{"embeddable":true,"href":"https:\/\/hmsf.com.br\/new\/wp-json\/wp\/v2\/media\/2050"}],"wp:attachment":[{"href":"https:\/\/hmsf.com.br\/new\/wp-json\/wp\/v2\/media?parent=2048"}],"wp:term":[{"taxonomy":"category","embeddable":true,"href":"https:\/\/hmsf.com.br\/new\/wp-json\/wp\/v2\/categories?post=2048"},{"taxonomy":"post_tag","embeddable":true,"href":"https:\/\/hmsf.com.br\/new\/wp-json\/wp\/v2\/tags?post=2048"}],"curies":[{"name":"wp","href":"https:\/\/api.w.org\/{rel}","templated":true}]}}